{"id":2972,"date":"2016-10-07T09:19:13","date_gmt":"2016-10-07T09:19:13","guid":{"rendered":"http:\/\/wp.fcll04.de\/?p=2972"},"modified":"2016-10-07T09:19:13","modified_gmt":"2016-10-07T09:19:13","slug":"im-verbandspokal-gegen-bundesligisten","status":"publish","type":"post","link":"https:\/\/wp.fcll04.de\/?p=2972","title":{"rendered":"Im Verbandspokal gegen Bundesligisten!"},"content":{"rendered":"<p>Am Dienstag, 11.Oktober um 18.30 Uhr empfangen die B-Juniorinnen das Bundesligateam des VfL \u00a0Sindelfingen!<\/p>\n<p>\u00dcber Unterst\u00fctzung durch zahlreiche Zuschauer w\u00fcrden wir uns sehr freuen!<\/p>\n","protected":false},"excerpt":{"rendered":"<p>Am Dienstag, 11.Oktober um 18.30 Uhr empfangen die B-Juniorinnen das Bundesligateam des VfL \u00a0Sindelfingen! \u00dcber Unterst\u00fctzung durch zahlreiche Zuschauer w\u00fcrden wir uns sehr freuen!<\/p>\n","protected":false},"author":10,"featured_media":0,"comment_status":"open","ping_status":"open","sticky":false,"template":"","format":"standard","meta":{"footnotes":""},"categories":[6,15],"tags":[],"class_list":["post-2972","post","type-post","status-publish","format-standard","hentry","category-b-juniorinnen","category-gesamtverein"],"_links":{"self":[{"href":"https:\/\/wp.fcll04.de\/index.php?rest_route=\/wp\/v2\/posts\/2972","targetHints":{"allow":["GET"]}}],"collection":[{"href":"https:\/\/wp.fcll04.de\/index.php?rest_route=\/wp\/v2\/posts"}],"about":[{"href":"https:\/\/wp.fcll04.de\/index.php?rest_route=\/wp\/v2\/types\/post"}],"author":[{"embeddable":true,"href":"https:\/\/wp.fcll04.de\/index.php?rest_route=\/wp\/v2\/users\/10"}],"replies":[{"embeddable":true,"href":"https:\/\/wp.fcll04.de\/index.php?rest_route=%2Fwp%2Fv2%2Fcomments&post=2972"}],"version-history":[{"count":1,"href":"https:\/\/wp.fcll04.de\/index.php?rest_route=\/wp\/v2\/posts\/2972\/revisions"}],"predecessor-version":[{"id":2973,"href":"https:\/\/wp.fcll04.de\/index.php?rest_route=\/wp\/v2\/posts\/2972\/revisions\/2973"}],"wp:attachment":[{"href":"https:\/\/wp.fcll04.de\/index.php?rest_route=%2Fwp%2Fv2%2Fmedia&parent=2972"}],"wp:term":[{"taxonomy":"category","embeddable":true,"href":"https:\/\/wp.fcll04.de\/index.php?rest_route=%2Fwp%2Fv2%2Fcategories&post=2972"},{"taxonomy":"post_tag","embeddable":true,"href":"https:\/\/wp.fcll04.de\/index.php?rest_route=%2Fwp%2Fv2%2Ftags&post=2972"}],"curies":[{"name":"wp","href":"https:\/\/api.w.org\/{rel}","templated":true}]}}