{"id":2974,"date":"2016-10-07T11:32:58","date_gmt":"2016-10-07T11:32:58","guid":{"rendered":"http:\/\/wp.fcll04.de\/?p=2974"},"modified":"2016-10-07T11:34:15","modified_gmt":"2016-10-07T11:34:15","slug":"coerver-trainerfortbildung-am-03-10","status":"publish","type":"post","link":"https:\/\/wp.fcll04.de\/?p=2974","title":{"rendered":"Coerver Trainerfortbildung am 03.10."},"content":{"rendered":"<p>Am Montag hatten 16 unserer Trainer und 4 B-Juniorinnen das Vergn\u00fcgen an einer Coerver-Schulung auf unserem Platz teilzunehmen. Die eine Stunde Theorie und insgesamt f\u00fcnf Stunden auf dem Platz haben uns in jeder Hinsicht gefordert (inklusive Muskelkater) und ganz sicher weitergebracht f\u00fcr unsere t\u00e4gliche Arbeit. Und gro\u00dfen Spa\u00df gemacht hat das Ganze auch noch&#8230; Also ein voller Erfolg! Wir werden versuchen in Zukunft eine solche Fortbildung j\u00e4hrlich einzurichten.<br \/>\nGanz herzlich bedanken wollen wir uns dehalb bei Coerver-Coach Andi, bei Swen (ohne den das Ganze nicht stattgefunden h\u00e4tte, weil er den Sponsor beorgt hat) und selbstverst\u00e4ndlich bei der Bauunternehmung Julius Bach, die uns diese Fortbildung finanziert hat!<\/p>\n<p><a href=\"http:\/\/wp.fcll04.de\/wp-content\/uploads\/2016\/10\/gruppe.jpg\"><img loading=\"lazy\" decoding=\"async\" class=\"alignnone wp-image-2975 size-large\" src=\"http:\/\/wp.fcll04.de\/wp-content\/uploads\/2016\/10\/gruppe-1024x576.jpg\" alt=\"gruppe\" width=\"584\" height=\"329\" srcset=\"https:\/\/wp.fcll04.de\/wp-content\/uploads\/2016\/10\/gruppe-1024x576.jpg 1024w, https:\/\/wp.fcll04.de\/wp-content\/uploads\/2016\/10\/gruppe-300x169.jpg 300w, https:\/\/wp.fcll04.de\/wp-content\/uploads\/2016\/10\/gruppe-768x432.jpg 768w, https:\/\/wp.fcll04.de\/wp-content\/uploads\/2016\/10\/gruppe-500x281.jpg 500w\" sizes=\"auto, (max-width: 584px) 100vw, 584px\" \/><\/a><\/p>\n<p><a href=\"http:\/\/wp.fcll04.de\/wp-content\/uploads\/2016\/10\/Screenshot_2016-10-04-10-13-34-1.png\"><img loading=\"lazy\" decoding=\"async\" class=\"alignnone size-medium wp-image-2976\" src=\"http:\/\/wp.fcll04.de\/wp-content\/uploads\/2016\/10\/Screenshot_2016-10-04-10-13-34-1-211x300.png\" alt=\"screenshot_2016-10-04-10-13-34-1\" width=\"211\" height=\"300\" srcset=\"https:\/\/wp.fcll04.de\/wp-content\/uploads\/2016\/10\/Screenshot_2016-10-04-10-13-34-1-211x300.png 211w, https:\/\/wp.fcll04.de\/wp-content\/uploads\/2016\/10\/Screenshot_2016-10-04-10-13-34-1-768x1090.png 768w, https:\/\/wp.fcll04.de\/wp-content\/uploads\/2016\/10\/Screenshot_2016-10-04-10-13-34-1-721x1024.png 721w, https:\/\/wp.fcll04.de\/wp-content\/uploads\/2016\/10\/Screenshot_2016-10-04-10-13-34-1.png 1080w\" sizes=\"auto, (max-width: 211px) 100vw, 211px\" \/><\/a><a href=\"http:\/\/wp.fcll04.de\/wp-content\/uploads\/2016\/10\/Screenshot_2016-10-04-10-13-37-1.png\"><img loading=\"lazy\" decoding=\"async\" class=\"alignnone size-medium wp-image-2977\" src=\"http:\/\/wp.fcll04.de\/wp-content\/uploads\/2016\/10\/Screenshot_2016-10-04-10-13-37-1-212x300.png\" alt=\"screenshot_2016-10-04-10-13-37-1\" width=\"212\" height=\"300\" srcset=\"https:\/\/wp.fcll04.de\/wp-content\/uploads\/2016\/10\/Screenshot_2016-10-04-10-13-37-1-212x300.png 212w, https:\/\/wp.fcll04.de\/wp-content\/uploads\/2016\/10\/Screenshot_2016-10-04-10-13-37-1-768x1084.png 768w, https:\/\/wp.fcll04.de\/wp-content\/uploads\/2016\/10\/Screenshot_2016-10-04-10-13-37-1-725x1024.png 725w, https:\/\/wp.fcll04.de\/wp-content\/uploads\/2016\/10\/Screenshot_2016-10-04-10-13-37-1.png 1080w\" sizes=\"auto, (max-width: 212px) 100vw, 212px\" \/><\/a><\/p>\n","protected":false},"excerpt":{"rendered":"<p>Am Montag hatten 16 unserer Trainer und 4 B-Juniorinnen das Vergn\u00fcgen an einer Coerver-Schulung auf unserem Platz teilzunehmen. Die eine Stunde Theorie und insgesamt f\u00fcnf Stunden auf dem Platz haben uns in jeder Hinsicht gefordert (inklusive Muskelkater) und ganz sicher weitergebracht f\u00fcr unsere t\u00e4gliche Arbeit. Und gro\u00dfen Spa\u00df gemacht hat das Ganze auch noch&#8230; Also &#8230; <a title=\"Coerver Trainerfortbildung am 03.10.\" class=\"read-more\" href=\"https:\/\/wp.fcll04.de\/?p=2974\" aria-label=\"Mehr Informationen \u00fcber Coerver Trainerfortbildung am 03.10.\">Weiterlesen<\/a><\/p>\n","protected":false},"author":1,"featured_media":0,"comment_status":"open","ping_status":"open","sticky":false,"template":"","format":"standard","meta":{"footnotes":""},"categories":[15],"tags":[],"class_list":["post-2974","post","type-post","status-publish","format-standard","hentry","category-gesamtverein"],"_links":{"self":[{"href":"https:\/\/wp.fcll04.de\/index.php?rest_route=\/wp\/v2\/posts\/2974","targetHints":{"allow":["GET"]}}],"collection":[{"href":"https:\/\/wp.fcll04.de\/index.php?rest_route=\/wp\/v2\/posts"}],"about":[{"href":"https:\/\/wp.fcll04.de\/index.php?rest_route=\/wp\/v2\/types\/post"}],"author":[{"embeddable":true,"href":"https:\/\/wp.fcll04.de\/index.php?rest_route=\/wp\/v2\/users\/1"}],"replies":[{"embeddable":true,"href":"https:\/\/wp.fcll04.de\/index.php?rest_route=%2Fwp%2Fv2%2Fcomments&post=2974"}],"version-history":[{"count":3,"href":"https:\/\/wp.fcll04.de\/index.php?rest_route=\/wp\/v2\/posts\/2974\/revisions"}],"predecessor-version":[{"id":2980,"href":"https:\/\/wp.fcll04.de\/index.php?rest_route=\/wp\/v2\/posts\/2974\/revisions\/2980"}],"wp:attachment":[{"href":"https:\/\/wp.fcll04.de\/index.php?rest_route=%2Fwp%2Fv2%2Fmedia&parent=2974"}],"wp:term":[{"taxonomy":"category","embeddable":true,"href":"https:\/\/wp.fcll04.de\/index.php?rest_route=%2Fwp%2Fv2%2Fcategories&post=2974"},{"taxonomy":"post_tag","embeddable":true,"href":"https:\/\/wp.fcll04.de\/index.php?rest_route=%2Fwp%2Fv2%2Ftags&post=2974"}],"curies":[{"name":"wp","href":"https:\/\/api.w.org\/{rel}","templated":true}]}}