{"id":3523,"date":"2016-12-18T14:24:27","date_gmt":"2016-12-18T14:24:27","guid":{"rendered":"http:\/\/wp.fcll04.de\/?p=3523"},"modified":"2016-12-18T14:40:53","modified_gmt":"2016-12-18T14:40:53","slug":"e1-qualifiziert-sich-fuer-die-endrunde-im-hallencup","status":"publish","type":"post","link":"https:\/\/wp.fcll04.de\/?p=3523","title":{"rendered":"E1 qualifiziert sich f\u00fcr die Endrunde im Hallencup"},"content":{"rendered":"<p>Ein Hallenturnier am fr\u00fchen morgen des 4. Advent ist f\u00fcr Spieler und Familien schon mal eine Ausnahmesituation (g\u00e4hn&#8230;). Und prompt war es uns im 1.Spiel gegen Bonlanden II nicht m\u00f6glich den Ball im gegnerischen Geh\u00e4use zu versenken, obwohl unser eigener Keeper nur 2 Ballkontakte hatte. In den n\u00e4chsten Partien gab es dann Siege mit deutlicher Feld- und spielerischer \u00dcberlegenheit gegen TV Zuffenhausen 4:0, TSV Sielmingen 3:0 und M\u00f6hringen 1:0. Im letzten Spiel des Turnieres kam es dann zum showdown mit dem SV Vaihingen, der bis dahin tor- und verlustpunktfrei agierte. Zur direkten Qualifikation f\u00fcr die Endrunde musste also ein Sieg her, der mit 2:1 auch bejubelt werden durfte. Jetzt sind wir am 15.Januar unter den letzten 8 teams und d\u00fcrfen uns vielleicht mal mit dem VfB oder den Kickers messen? Insgesamt haben wir 10 Tore erzielt (Flau 5, Oca 3, Fabel und Tywo je 1) und nur 1 Gegentor zugelassen. Das gute spielerische Auftreten wurde nicht nur mit dem Turniersieg, sondern auch mit einer Einladung an die halbe Mannschaft zum DFB-Sichtungstraining honoriert. Bis dahin w\u00fcnschen wir allen ein frohes Weihnachtsfest und einen guten Rutsch.<\/p>\n","protected":false},"excerpt":{"rendered":"<p>Ein Hallenturnier am fr\u00fchen morgen des 4. Advent ist f\u00fcr Spieler und Familien schon mal eine Ausnahmesituation (g\u00e4hn&#8230;). Und prompt war es uns im 1.Spiel gegen Bonlanden II nicht m\u00f6glich den Ball im gegnerischen Geh\u00e4use zu versenken, obwohl unser eigener Keeper nur 2 Ballkontakte hatte. In den n\u00e4chsten Partien gab es dann Siege mit deutlicher &#8230; <a title=\"E1 qualifiziert sich f\u00fcr die Endrunde im Hallencup\" class=\"read-more\" href=\"https:\/\/wp.fcll04.de\/?p=3523\" aria-label=\"Mehr Informationen \u00fcber E1 qualifiziert sich f\u00fcr die Endrunde im Hallencup\">Weiterlesen<\/a><\/p>\n","protected":false},"author":12,"featured_media":0,"comment_status":"open","ping_status":"open","sticky":false,"template":"","format":"standard","meta":{"footnotes":""},"categories":[22,15],"tags":[],"class_list":["post-3523","post","type-post","status-publish","format-standard","hentry","category-e1-junioren","category-gesamtverein"],"_links":{"self":[{"href":"https:\/\/wp.fcll04.de\/index.php?rest_route=\/wp\/v2\/posts\/3523","targetHints":{"allow":["GET"]}}],"collection":[{"href":"https:\/\/wp.fcll04.de\/index.php?rest_route=\/wp\/v2\/posts"}],"about":[{"href":"https:\/\/wp.fcll04.de\/index.php?rest_route=\/wp\/v2\/types\/post"}],"author":[{"embeddable":true,"href":"https:\/\/wp.fcll04.de\/index.php?rest_route=\/wp\/v2\/users\/12"}],"replies":[{"embeddable":true,"href":"https:\/\/wp.fcll04.de\/index.php?rest_route=%2Fwp%2Fv2%2Fcomments&post=3523"}],"version-history":[{"count":2,"href":"https:\/\/wp.fcll04.de\/index.php?rest_route=\/wp\/v2\/posts\/3523\/revisions"}],"predecessor-version":[{"id":3526,"href":"https:\/\/wp.fcll04.de\/index.php?rest_route=\/wp\/v2\/posts\/3523\/revisions\/3526"}],"wp:attachment":[{"href":"https:\/\/wp.fcll04.de\/index.php?rest_route=%2Fwp%2Fv2%2Fmedia&parent=3523"}],"wp:term":[{"taxonomy":"category","embeddable":true,"href":"https:\/\/wp.fcll04.de\/index.php?rest_route=%2Fwp%2Fv2%2Fcategories&post=3523"},{"taxonomy":"post_tag","embeddable":true,"href":"https:\/\/wp.fcll04.de\/index.php?rest_route=%2Fwp%2Fv2%2Ftags&post=3523"}],"curies":[{"name":"wp","href":"https:\/\/api.w.org\/{rel}","templated":true}]}}