{"id":3580,"date":"2017-01-15T14:45:14","date_gmt":"2017-01-15T14:45:14","guid":{"rendered":"http:\/\/wp.fcll04.de\/?p=3580"},"modified":"2019-03-03T15:38:55","modified_gmt":"2019-03-03T15:38:55","slug":"e1-ohne-fortune","status":"publish","type":"post","link":"https:\/\/wp.fcll04.de\/?p=3580","title":{"rendered":"E1 -ohne Fortune-"},"content":{"rendered":"<p>Da w\u00e4re mehr drin gewesen. Dies ist das Fazit aus der Endrunde des diesj\u00e4hrigen wfv-Hallencups. Nachdem sich die E1 \u00fcberraschend und ohne Hallentrainingszeit f\u00fcr das final-8 qualifiziert hatte, mussten wir uns letztendlich mit der Au\u00dfenseiterrolle zufrieden geben und belegten den 8.Platz. Auf ein ungl\u00fcckliches 0:1 gegen den MTV, folgte ein knappes 1:2 gegen den spielerisch besseren und sp\u00e4teren Turniersieger Spvgg. Cannstatt. Zum Abschluss der Gruppenphase folgte ein 1:1 gegen den sp\u00e4teren Turnierzweiten TSV Weilimdorf. Im Spiel um Platz 7 gab es wiederum ein 1:1 gegen den SV Gablenberg; im entscheidenden 9m-Schie\u00dfen waren wir mit 3:5 unterlegen.<\/p>\n<p><a href=\"https:\/\/wp.fcll04.de\/wp-content\/uploads\/2017\/01\/DSCF5806.jpg\"><img loading=\"lazy\" decoding=\"async\" class=\"alignnone wp-image-3581\" src=\"https:\/\/wp.fcll04.de\/wp-content\/uploads\/2017\/01\/DSCF5806-300x225.jpg\" alt=\"\" width=\"427\" height=\"324\"><\/a><\/p>\n<p>Insgesamt gesehen bleibt somit nach Abschlu\u00df der Herbstfeldstaffel und der Hallenrunde die Erkenntnis: unsere E1 kann im Kreis Stuttgart gegen jedes team mithalten, wenn wir unser fu\u00dfballerisches und mannschaftliches Potential aussch\u00f6pfen. \u00dcbergreifend haben wir zwar einige Spiele verloren, aber nie h\u00f6her als mit einem Tor Unterschied. Und wir sind das einzige team, in dem ein M\u00e4del mitspielt.<\/p>\n<p>&nbsp;<\/p>\n<p>&nbsp;<\/p>\n","protected":false},"excerpt":{"rendered":"<p>Da w\u00e4re mehr drin gewesen. Dies ist das Fazit aus der Endrunde des diesj\u00e4hrigen wfv-Hallencups. Nachdem sich die E1 \u00fcberraschend und ohne Hallentrainingszeit f\u00fcr das final-8 qualifiziert hatte, mussten wir uns letztendlich mit der Au\u00dfenseiterrolle zufrieden geben und belegten den 8.Platz. Auf ein ungl\u00fcckliches 0:1 gegen den MTV, folgte ein knappes 1:2 gegen den spielerisch &#8230; <a title=\"E1 -ohne Fortune-\" class=\"read-more\" href=\"https:\/\/wp.fcll04.de\/?p=3580\" aria-label=\"Mehr Informationen \u00fcber E1 -ohne Fortune-\">Weiterlesen<\/a><\/p>\n","protected":false},"author":12,"featured_media":0,"comment_status":"open","ping_status":"open","sticky":false,"template":"","format":"standard","meta":{"footnotes":""},"categories":[22,15],"tags":[],"class_list":["post-3580","post","type-post","status-publish","format-standard","hentry","category-e1-junioren","category-gesamtverein"],"_links":{"self":[{"href":"https:\/\/wp.fcll04.de\/index.php?rest_route=\/wp\/v2\/posts\/3580","targetHints":{"allow":["GET"]}}],"collection":[{"href":"https:\/\/wp.fcll04.de\/index.php?rest_route=\/wp\/v2\/posts"}],"about":[{"href":"https:\/\/wp.fcll04.de\/index.php?rest_route=\/wp\/v2\/types\/post"}],"author":[{"embeddable":true,"href":"https:\/\/wp.fcll04.de\/index.php?rest_route=\/wp\/v2\/users\/12"}],"replies":[{"embeddable":true,"href":"https:\/\/wp.fcll04.de\/index.php?rest_route=%2Fwp%2Fv2%2Fcomments&post=3580"}],"version-history":[{"count":6,"href":"https:\/\/wp.fcll04.de\/index.php?rest_route=\/wp\/v2\/posts\/3580\/revisions"}],"predecessor-version":[{"id":7449,"href":"https:\/\/wp.fcll04.de\/index.php?rest_route=\/wp\/v2\/posts\/3580\/revisions\/7449"}],"wp:attachment":[{"href":"https:\/\/wp.fcll04.de\/index.php?rest_route=%2Fwp%2Fv2%2Fmedia&parent=3580"}],"wp:term":[{"taxonomy":"category","embeddable":true,"href":"https:\/\/wp.fcll04.de\/index.php?rest_route=%2Fwp%2Fv2%2Fcategories&post=3580"},{"taxonomy":"post_tag","embeddable":true,"href":"https:\/\/wp.fcll04.de\/index.php?rest_route=%2Fwp%2Fv2%2Ftags&post=3580"}],"curies":[{"name":"wp","href":"https:\/\/api.w.org\/{rel}","templated":true}]}}