{"id":5568,"date":"2017-12-09T14:11:05","date_gmt":"2017-12-09T14:11:05","guid":{"rendered":"http:\/\/wp.fcll04.de\/?p=5568"},"modified":"2017-12-10T11:47:10","modified_gmt":"2017-12-10T11:47:10","slug":"d1-und-d2-maedchen-guter-start-in-die-hallensaison","status":"publish","type":"post","link":"https:\/\/wp.fcll04.de\/?p=5568","title":{"rendered":"D1- und D2-M\u00e4dchen: guter Start in die Hallensaison"},"content":{"rendered":"<p>Die D1- und die D2-M\u00e4dchen durften heute beim Hallenturnier in Plattenhardt ran und beide Teams haben \u00fcber weite Strecken prima Fu\u00dfball gespielt. Da der D2-Bericht noch folgt, hier nur kurz zur D1: wirklich spannende, gute Spiele und in der Vorrunde nur eine Niederlage gegen Heumaden nach 2:0 F\u00fchrung (2:3), dann \u00fcberzeugendes Halfinale gegen gute M\u00e4dchen aus Stuttgart-Ost und im Finale dann wiederum gegen Heumaden. Wieder klare F\u00fchrung, diesmal 3:0, aber auch wieder super spannend, weil Heumaden nach dem 3:1 kurz vor Schlu\u00df den Anschlusstreffer zum 3:2 erzielt. Aus unserer Sicht h\u00e4tte das Spiel nicht l\u00e4nger dauern d\u00fcrfen \ud83d\ude09 <span data-offset-key=\"okg4-2-0\">Gl\u00fcckwunsch zum Turniersieg! <\/span>Und eine wichtige Trainer-Erkenntnis gab es heute auch noch: wir m\u00fcssen die Spielerinnen in diesem Alter auf allen Positionen einsetzen und schulen, damit sie nicht orientierungslos r\u00famlaufen, wenn sie mal eine &#8222;unbekannte&#8220; Position besetzen m\u00fcssen. Herzlichen Dank nach Plattenhardt f\u00fcr ein gut organisiertes und auch gut besetztes Turnier!<\/p>\n<p><a href=\"http:\/\/wp.fcll04.de\/wp-content\/uploads\/2017\/12\/P1080660.jpg\"><img loading=\"lazy\" decoding=\"async\" class=\"alignnone wp-image-5569 size-large\" src=\"http:\/\/wp.fcll04.de\/wp-content\/uploads\/2017\/12\/P1080660-1024x768.jpg\" alt=\"\" width=\"1024\" height=\"768\" srcset=\"https:\/\/wp.fcll04.de\/wp-content\/uploads\/2017\/12\/P1080660-1024x768.jpg 1024w, https:\/\/wp.fcll04.de\/wp-content\/uploads\/2017\/12\/P1080660-300x225.jpg 300w, https:\/\/wp.fcll04.de\/wp-content\/uploads\/2017\/12\/P1080660-768x576.jpg 768w\" sizes=\"auto, (max-width: 1024px) 100vw, 1024px\" \/><\/a><\/p>\n","protected":false},"excerpt":{"rendered":"<p>Die D1- und die D2-M\u00e4dchen durften heute beim Hallenturnier in Plattenhardt ran und beide Teams haben \u00fcber weite Strecken prima Fu\u00dfball gespielt. Da der D2-Bericht noch folgt, hier nur kurz zur D1: wirklich spannende, gute Spiele und in der Vorrunde nur eine Niederlage gegen Heumaden nach 2:0 F\u00fchrung (2:3), dann \u00fcberzeugendes Halfinale gegen gute M\u00e4dchen &#8230; <a title=\"D1- und D2-M\u00e4dchen: guter Start in die Hallensaison\" class=\"read-more\" href=\"https:\/\/wp.fcll04.de\/?p=5568\" aria-label=\"Mehr Informationen \u00fcber D1- und D2-M\u00e4dchen: guter Start in die Hallensaison\">Weiterlesen<\/a><\/p>\n","protected":false},"author":1,"featured_media":0,"comment_status":"open","ping_status":"open","sticky":false,"template":"","format":"standard","meta":{"footnotes":""},"categories":[3],"tags":[],"class_list":["post-5568","post","type-post","status-publish","format-standard","hentry","category-d-juniorinnen"],"_links":{"self":[{"href":"https:\/\/wp.fcll04.de\/index.php?rest_route=\/wp\/v2\/posts\/5568","targetHints":{"allow":["GET"]}}],"collection":[{"href":"https:\/\/wp.fcll04.de\/index.php?rest_route=\/wp\/v2\/posts"}],"about":[{"href":"https:\/\/wp.fcll04.de\/index.php?rest_route=\/wp\/v2\/types\/post"}],"author":[{"embeddable":true,"href":"https:\/\/wp.fcll04.de\/index.php?rest_route=\/wp\/v2\/users\/1"}],"replies":[{"embeddable":true,"href":"https:\/\/wp.fcll04.de\/index.php?rest_route=%2Fwp%2Fv2%2Fcomments&post=5568"}],"version-history":[{"count":6,"href":"https:\/\/wp.fcll04.de\/index.php?rest_route=\/wp\/v2\/posts\/5568\/revisions"}],"predecessor-version":[{"id":5586,"href":"https:\/\/wp.fcll04.de\/index.php?rest_route=\/wp\/v2\/posts\/5568\/revisions\/5586"}],"wp:attachment":[{"href":"https:\/\/wp.fcll04.de\/index.php?rest_route=%2Fwp%2Fv2%2Fmedia&parent=5568"}],"wp:term":[{"taxonomy":"category","embeddable":true,"href":"https:\/\/wp.fcll04.de\/index.php?rest_route=%2Fwp%2Fv2%2Fcategories&post=5568"},{"taxonomy":"post_tag","embeddable":true,"href":"https:\/\/wp.fcll04.de\/index.php?rest_route=%2Fwp%2Fv2%2Ftags&post=5568"}],"curies":[{"name":"wp","href":"https:\/\/api.w.org\/{rel}","templated":true}]}}