{"id":5635,"date":"2017-12-19T07:27:41","date_gmt":"2017-12-19T07:27:41","guid":{"rendered":"http:\/\/wp.fcll04.de\/?p=5635"},"modified":"2017-12-19T07:27:41","modified_gmt":"2017-12-19T07:27:41","slug":"d2-juniorinnen-feiern-weihnachten-in-strasbourg-und-sammeln-erfahrung-bei-bundesligaverein","status":"publish","type":"post","link":"https:\/\/wp.fcll04.de\/?p=5635","title":{"rendered":"D2-Juniorinnen feiern Weihnachten in Strasbourg\u2026 und sammeln Erfahrung bei Bundesligaverein"},"content":{"rendered":"<p>Ein Weihnachtsevent der besonderen Art hat sich Coach Corey f\u00fcr das gesamte Team der D2 einfallen lassen: Am Sonntag sollte an einem Turnier des Bundesligisten FC Sand teilgenommen werden. Da dieses in der N\u00e4he von Strasbourg stattfand, reisten wir schon einen Tag fr\u00fcher an, um den dortigen Weihnachtsmarkt gemeinsam zu besuchen. Au\u00dfer dessen mittelalterlicher Sch\u00f6nheit, setzte ein besonderes Highlight, dass wir im Hotel die Spielerinnen vom mehrfachen Meister \u201eTurbine Potsdam\u201c trafen, die am n\u00e4chsten Tag ein Spiel gegen Sand bestritten. Die lie\u00dfen sich auch gern mit unseren Spielerinnen fotografieren, weshalb wir beim Spiel SC Sand vs. Turbine Potsdam auch f\u00fcr TP jubelten, obwohl uns Sand freien Eintritt gegeben hatte und sich \u00fcberhaupt als hervorragender Gastgeber des gesamten Spieltages inklusive des Turniers erwies.<br \/>\nAch ja das Turnier- wir traten wie gemeldet mit zwei Teams an, Ehrensache, obwohl wir im Vorfeld etliche Ausf\u00e4lle zu beklagen hatten. F\u00fcr mein Gef\u00fchl waren die besten Teams der dortigen Region vertreten und wir mittendrin, wo wir uns letztendlich auch platzierten. Kurzum: Es war in jeder Hinsicht ein Kampf f\u00fcr unsere jungen Spielerinnen. Physisch und mental gingen sie an ihre Grenzen und in Ermangelung an Ersatzspielerinnen manchmal auch dr\u00fcber hinaus- absoluten Respekt f\u00fcr diese Leistung, diese Haltung zeichnet euer Team aus! Wir haben eine Menge gelernt, denn wann hat man schon mal die Gelegenheit in einem international besetzten Turnier dieser St\u00e4rke zu spielen- es war sagen wir mal \u201elehrreich\u201c. Und Spielerinnen und Trainer gehen jetzt in die verdiente Winterpause.<br \/>\nDanke Corey f\u00fcr die Organisation dieses Wochenendes, das so einen gelungenen Abschluss dieser tollen Hinrunde darstellt. N\u00e4chstes Jahr fahren wir gern wieder hin- zur \u201eCapitale de Noel\u201c und nach Sand und zum Spielen, zum Lachen, zum Feiern, zu besonderen Erlebnissen und zu allem, was Weihnachten sch\u00f6n macht\u2026.<br \/>\n<em>Ricky<\/em><\/p>\n<p><a href=\"http:\/\/wp.fcll04.de\/wp-content\/uploads\/2017\/12\/emae-sand.jpg\"><img loading=\"lazy\" decoding=\"async\" class=\"alignnone wp-image-5636 size-large\" src=\"http:\/\/wp.fcll04.de\/wp-content\/uploads\/2017\/12\/emae-sand-1024x576.jpg\" alt=\"\" width=\"1024\" height=\"576\" srcset=\"https:\/\/wp.fcll04.de\/wp-content\/uploads\/2017\/12\/emae-sand-1024x576.jpg 1024w, https:\/\/wp.fcll04.de\/wp-content\/uploads\/2017\/12\/emae-sand-300x169.jpg 300w, https:\/\/wp.fcll04.de\/wp-content\/uploads\/2017\/12\/emae-sand-768x432.jpg 768w, https:\/\/wp.fcll04.de\/wp-content\/uploads\/2017\/12\/emae-sand.jpg 1280w\" sizes=\"auto, (max-width: 1024px) 100vw, 1024px\" \/><\/a><\/p>\n","protected":false},"excerpt":{"rendered":"<p>Ein Weihnachtsevent der besonderen Art hat sich Coach Corey f\u00fcr das gesamte Team der D2 einfallen lassen: Am Sonntag sollte an einem Turnier des Bundesligisten FC Sand teilgenommen werden. Da dieses in der N\u00e4he von Strasbourg stattfand, reisten wir schon einen Tag fr\u00fcher an, um den dortigen Weihnachtsmarkt gemeinsam zu besuchen. Au\u00dfer dessen mittelalterlicher Sch\u00f6nheit, &#8230; <a title=\"D2-Juniorinnen feiern Weihnachten in Strasbourg\u2026 und sammeln Erfahrung bei Bundesligaverein\" class=\"read-more\" href=\"https:\/\/wp.fcll04.de\/?p=5635\" aria-label=\"Mehr Informationen \u00fcber D2-Juniorinnen feiern Weihnachten in Strasbourg\u2026 und sammeln Erfahrung bei Bundesligaverein\">Weiterlesen<\/a><\/p>\n","protected":false},"author":1,"featured_media":0,"comment_status":"open","ping_status":"open","sticky":false,"template":"","format":"standard","meta":{"footnotes":""},"categories":[3],"tags":[],"class_list":["post-5635","post","type-post","status-publish","format-standard","hentry","category-d-juniorinnen"],"_links":{"self":[{"href":"https:\/\/wp.fcll04.de\/index.php?rest_route=\/wp\/v2\/posts\/5635","targetHints":{"allow":["GET"]}}],"collection":[{"href":"https:\/\/wp.fcll04.de\/index.php?rest_route=\/wp\/v2\/posts"}],"about":[{"href":"https:\/\/wp.fcll04.de\/index.php?rest_route=\/wp\/v2\/types\/post"}],"author":[{"embeddable":true,"href":"https:\/\/wp.fcll04.de\/index.php?rest_route=\/wp\/v2\/users\/1"}],"replies":[{"embeddable":true,"href":"https:\/\/wp.fcll04.de\/index.php?rest_route=%2Fwp%2Fv2%2Fcomments&post=5635"}],"version-history":[{"count":1,"href":"https:\/\/wp.fcll04.de\/index.php?rest_route=\/wp\/v2\/posts\/5635\/revisions"}],"predecessor-version":[{"id":5637,"href":"https:\/\/wp.fcll04.de\/index.php?rest_route=\/wp\/v2\/posts\/5635\/revisions\/5637"}],"wp:attachment":[{"href":"https:\/\/wp.fcll04.de\/index.php?rest_route=%2Fwp%2Fv2%2Fmedia&parent=5635"}],"wp:term":[{"taxonomy":"category","embeddable":true,"href":"https:\/\/wp.fcll04.de\/index.php?rest_route=%2Fwp%2Fv2%2Fcategories&post=5635"},{"taxonomy":"post_tag","embeddable":true,"href":"https:\/\/wp.fcll04.de\/index.php?rest_route=%2Fwp%2Fv2%2Ftags&post=5635"}],"curies":[{"name":"wp","href":"https:\/\/api.w.org\/{rel}","templated":true}]}}